[{"@context":"https:\/\/schema.org\/","@type":"Article","@id":"https:\/\/www.benago.cz\/celenka-jako-spojeni-funkce-a-stylu\/#Article","mainEntityOfPage":"https:\/\/www.benago.cz\/celenka-jako-spojeni-funkce-a-stylu\/","headline":"\u010celenka jako spojen\u00ed funkce a stylu","name":"\u010celenka jako spojen\u00ed funkce a stylu","description":"Kdo n\u011bkdy vyrazil na hory nebo jen do mraziv\u00e9ho m\u011bsta bez \u010delenky, v\u00ed, jak rychle zima zal\u00e9z\u00e1 za u\u0161i. Tento nen\u00e1padn\u00fd dopln\u011bk dok\u00e1\u017ee ud\u011blat z prochladl\u00e9ho v\u00fdletu p\u0159\u00edjemn\u00fd z\u00e1\u017eitek. \u010celenky &hellip;","datePublished":"2025-09-03","dateModified":"2025-09-03","author":{"@type":"Person","@id":"https:\/\/www.benago.cz\/author\/#Person","name":"","url":"https:\/\/www.benago.cz\/author\/","identifier":1,"image":{"@type":"ImageObject","@id":"https:\/\/secure.gravatar.com\/avatar\/664d9cd24f58d4d0b526991e1fec4656a216f6db124bbd66c69ade0e846d4f16?s=96&d=mm&r=g","url":"https:\/\/secure.gravatar.com\/avatar\/664d9cd24f58d4d0b526991e1fec4656a216f6db124bbd66c69ade0e846d4f16?s=96&d=mm&r=g","height":96,"width":96}},"publisher":{"@type":"Organization","name":"benago.cz","logo":{"@type":"ImageObject","@id":"\/logo.png","url":"\/logo.png","width":600,"height":60}},"image":{"@type":"ImageObject","@id":"https:\/\/www.benago.cz\/wp-content\/uploads\/stretching-498256_1280_3.jpg","url":"https:\/\/www.benago.cz\/wp-content\/uploads\/stretching-498256_1280_3.jpg","height":0,"width":0},"url":"https:\/\/www.benago.cz\/celenka-jako-spojeni-funkce-a-stylu\/","about":["Zbo\u017e\u00ed"],"wordCount":415,"articleBody":"        Kdo n\u011bkdy vyrazil na hory nebo jen do mraziv\u00e9ho m\u011bsta bez \u010delenky, v\u00ed, jak rychle zima zal\u00e9z\u00e1 za u\u0161i. Tento nen\u00e1padn\u00fd dopln\u011bk dok\u00e1\u017ee ud\u011blat z prochladl\u00e9ho v\u00fdletu p\u0159\u00edjemn\u00fd z\u00e1\u017eitek. \u010celenky chr\u00e1n\u00ed u\u0161i p\u0159ed v\u011btrem, zadr\u017euj\u00ed teplo a zabra\u0148uj\u00ed nep\u0159\u00edjemn\u00e9mu pocitu chladu p\u0159i ly\u017eov\u00e1n\u00ed, b\u011b\u017ek\u00e1ch i zimn\u00edm b\u011bhu. Levn\u00e9 \u010delenky \u010dasto klou\u017eou, rychle se vytahaj\u00ed nebo ned\u00fdchaj\u00ed. Kvalitn\u00ed \u010delenky https:\/\/www.c-store.cz\/Celenky-c104_1370_3.htm jsou u\u0161ity z materi\u00e1l\u016f, kter\u00e9 odv\u00e1d\u011bj\u00ed vlhkost, h\u0159ej\u00ed a dr\u017e\u00ed tvar i po mnoha pran\u00edch. P\u0159i sportu z\u016fst\u00e1vaj\u00ed na m\u00edst\u011b a nep\u0159ek\u00e1\u017e\u00ed p\u0159i nasazen\u00ed helmy.V\u00fdhody, kter\u00e9 ocen\u00edte na prvn\u00ed no\u0161en\u00edp\u0159\u00edjemn\u00fd, pru\u017en\u00fd a h\u0159ejiv\u00fd materi\u00e1l,prody\u0161n\u00e1 tkanina odv\u00e1d\u011bj\u00edc\u00ed pot,perfektn\u00ed dr\u017een\u00ed tvaru a pohodln\u00e9 no\u0161en\u00ed,snadn\u00e1 \u00fadr\u017eba a dlouh\u00e1 \u017eivotnost,variabiln\u00ed barvy a vzory, kter\u00e9 dolad\u00ed outfit.\u010celenky na ly\u017ee, b\u011b\u017eky i do m\u011bstaModern\u00ed \u010delenky nejsou jen pro sportovce. Elegantn\u00ed pleten\u00e9 modely se hod\u00ed do m\u011bsta, technick\u00e9 \u010delenky s funk\u010dn\u00ed membr\u00e1nou jsou ide\u00e1ln\u00ed na svahy. D\u00edky sv\u00e9 lehkosti se snadno vejdou do kapsy bundy a stanou se spolehliv\u00fdm spole\u010dn\u00edkem p\u0159i jak\u00e9mkoliv zimn\u00edm dobrodru\u017estv\u00ed. P\u0159i v\u00fdb\u011bru myslete na prost\u0159ed\u00ed, kde budete \u010delenku nej\u010dast\u011bji nosit. Na zimn\u00ed sporty se hod\u00ed funk\u010dn\u00ed materi\u00e1ly s vy\u0161\u0161\u00ed pru\u017enost\u00ed a schopnost\u00ed odv\u00e1d\u011bt vlhkost. Pro voln\u00fd \u010das a proch\u00e1zky je skv\u011bl\u00e1 teplej\u0161\u00ed pleten\u00e1 varianta, kter\u00e1 z\u00e1rove\u0148 zah\u0159eje a podtrhne zimn\u00ed styl.Mal\u00fd detail, kter\u00fd d\u011bl\u00e1 velk\u00fd rozd\u00edl\u010celenka je dopln\u011bk, kter\u00fd v\u00e1m umo\u017en\u00ed z\u016fstat v pohodl\u00ed a z\u00e1rove\u0148 vypadat dob\u0159e. V zimn\u00edm obdob\u00ed nahrad\u00ed \u010depici p\u0159i leh\u010d\u00edm sportu nebo proch\u00e1zk\u00e1ch a dod\u00e1 pocit volnosti, proto\u017ee nebr\u00e1n\u00ed ve v\u00fdhledu ani nep\u0159ek\u00e1\u017e\u00ed pod kapuc\u00ed \u010di helmou. \u010celenka je v\u00edc ne\u017e jen praktick\u00e1 ochrana p\u0159ed zimou, je to spole\u010dn\u00edk pro ka\u017ed\u00fd chladn\u00fd den, a\u0165 u\u017e se chyst\u00e1te na sjezdovku, b\u011bh nebo do m\u011bstsk\u00fdch ulic. Sta\u010d\u00ed si vybrat kvalitn\u00ed kousek a zima v\u00e1s nep\u0159ekvap\u00ed. Nav\u00edc v\u00e1m m\u016f\u017ee skv\u011ble doplnit outfit.                                                                                                                                                                                                                                                                                                                                                                                           4.2\/5 - (4 votes)        "},{"@context":"https:\/\/schema.org\/","@type":"BreadcrumbList","itemListElement":[{"@type":"ListItem","position":1,"name":"\u010celenka jako spojen\u00ed funkce a stylu","item":"https:\/\/www.benago.cz\/celenka-jako-spojeni-funkce-a-stylu\/#breadcrumbitem"}]}]