[{"@context":"https:\/\/schema.org\/","@type":"Article","@id":"https:\/\/www.benago.cz\/kdo-vam-dela-ucetnictvi\/#Article","mainEntityOfPage":"https:\/\/www.benago.cz\/kdo-vam-dela-ucetnictvi\/","headline":"Kdo v\u00e1m d\u011bl\u00e1 \u00fa\u010detnictv\u00ed","name":"Kdo v\u00e1m d\u011bl\u00e1 \u00fa\u010detnictv\u00ed","description":"Podnik\u00e1n\u00ed je \u010dinnost, kter\u00e1 m\u016f\u017ee p\u0159in\u00e1\u0161et radost a z\u00e1rove\u0148 spoustu starost\u00ed. P\u0159edstavte si nap\u0159\u00edklad, \u017ee si chcete otev\u0159\u00edt prodejnu zdrav\u00e9 v\u00fd\u017eivy a poskytovat odborn\u00e9 poradenstv\u00ed, ale to je jedin\u00fd obor, &hellip;","datePublished":"2023-11-03","dateModified":"2024-01-04","author":{"@type":"Person","@id":"https:\/\/www.benago.cz\/author\/#Person","name":"","url":"https:\/\/www.benago.cz\/author\/","identifier":1,"image":{"@type":"ImageObject","@id":"https:\/\/secure.gravatar.com\/avatar\/664d9cd24f58d4d0b526991e1fec4656a216f6db124bbd66c69ade0e846d4f16?s=96&d=mm&r=g","url":"https:\/\/secure.gravatar.com\/avatar\/664d9cd24f58d4d0b526991e1fec4656a216f6db124bbd66c69ade0e846d4f16?s=96&d=mm&r=g","height":96,"width":96}},"publisher":{"@type":"Organization","name":"benago.cz","logo":{"@type":"ImageObject","@id":"\/logo.png","url":"\/logo.png","width":600,"height":60}},"image":{"@type":"ImageObject","@id":"https:\/\/www.benago.cz\/wp-content\/uploads\/calculator-1680905_640_10_1.jpg","url":"https:\/\/www.benago.cz\/wp-content\/uploads\/calculator-1680905_640_10_1.jpg","height":0,"width":0},"url":"https:\/\/www.benago.cz\/kdo-vam-dela-ucetnictvi\/","about":["Web"],"wordCount":413,"articleBody":"   Podnik\u00e1n\u00ed je \u010dinnost, kter\u00e1 m\u016f\u017ee p\u0159in\u00e1\u0161et radost a z\u00e1rove\u0148 spoustu starost\u00ed. P\u0159edstavte si nap\u0159\u00edklad, \u017ee si chcete otev\u0159\u00edt prodejnu zdrav\u00e9 v\u00fd\u017eivy a poskytovat odborn\u00e9 poradenstv\u00ed, ale to je jedin\u00fd obor, kter\u00e9mu dob\u0159e rozum\u00edte, a ob\u00e1v\u00e1te se naopak toho, \u017ee ztroskot\u00e1te na administrativ\u011b. N\u011bkter\u00fdm lidem sta\u010d\u00ed nahl\u00e9dnout na Internet, pro\u010d\u00edst si p\u00e1r informac\u00ed o tom, co v\u0161echno podnik\u00e1n\u00ed obn\u00e1\u0161\u00ed z hlediska pap\u00edrov\u00e1n\u00ed, a rad\u011bji se nechaj\u00ed n\u011bkde zam\u011bstnat. Mus\u00edte m\u00edt toti\u017e p\u0159ehled o vykazov\u00e1n\u00ed majetku a dan\u00edch, a to nen\u00ed jen tak. Je v tom zakotvena \u0159ada \u00fakon\u016f a \u017e\u00e1dn\u00fd z nich nesm\u00edte podcenit.Kdokoli ud\u011bl\u00e1 chybu a na n\u011bco zapomene nebo p\u0159ehl\u00e9dne a neodvede dan\u011b ve spr\u00e1vn\u00e9 v\u00fd\u0161i, bude sankcionov\u00e1n, a \u00fa\u0159edn\u00edky nezaj\u00edm\u00e1, \u017ee jste zrovna \u0159e\u0161ili n\u00e1kup nov\u00e9ho vybaven\u00ed, \u017ee m\u00e1te f\u016fru starost\u00ed s n\u00e1bytkem, chladic\u00edmi boxy, s dod\u00e1vkou trvanliv\u00fdch potravin a s nov\u00fdmi prostorami, kam zat\u00e9k\u00e1, a kde je t\u0159eba vym\u011bnit elektroinstalace.N\u011bkte\u0159\u00ed podnikatel\u00e9, co se p\u0159\u00e1tel\u00ed s jin\u00fdmi, co ji\u017e v tom \u201eum\u00ed chodit\u201c, mohou obdr\u017eet dobrou radu. V rozhovoru na b\u011b\u017en\u00e1 t\u00e9mata se p\u0159i setk\u00e1n\u00ed mohou zm\u00ednit o \u00fa\u010detnictv\u00ed a mohou se v\u00e1s proz\u0159eteln\u011b zeptat, kdo \u017ee v\u00e1m to d\u011bl\u00e1 \u00fa\u010detnictv\u00ed. A vy odpov\u00edte, \u017ee samoz\u0159ejm\u011b sami, a pak zjist\u00edte, \u017ee si jen p\u0159id\u011bl\u00e1v\u00e1te zbyte\u010dn\u00e9 starosti a nem\u016f\u017eete se pln\u011b soust\u0159edit na va\u0161i pr\u00e1ci. Nam\u00edsto p\u0159ehledu o sortimentu prod\u00e1van\u00e9ho zbo\u017e\u00ed zdrav\u00e9 v\u00fd\u017eivy \u0159e\u0161\u00edte slo\u017eit\u00e9 v\u00fdpo\u010dty DPH, a ani nev\u00edte, jestli to m\u00e1te spr\u00e1vn\u011b.P\u0159enechejte veden\u00ed \u00fa\u010detnictv\u00ed v Praze 5 odborn\u00edk\u016fm, je\u017e si vezmou na starost v\u0161echny ty kli\u010dky a pr\u00e1vn\u00ed z\u00e1le\u017eitosti, kter\u00e9 se \u010dasto m\u011bn\u00ed v z\u00e1vislosti na tom, co se \u201ezas urodilo\u201c v Parlamentu, a co potvrdil Sen\u00e1t. Nejsme v\u0161ichni takov\u00ed \u201ecifr\u0161pi\u00f3ni\u201c, abychom m\u011bli v mal\u00ed\u010dku kdejak\u00fd paragraf, a abychom sypali z ruk\u00e1vu pou\u010dky, z\u00e1kony a jejich \u00fapravy a novelizace. A bu\u010fme r\u00e1di, \u017ee se v tom v\u016fbec n\u011bkdo dok\u00e1\u017ee vyznat.                                                                                                                                                                                                                                                                                                                                                                                          3.9\/5 - (13 votes)        "},{"@context":"https:\/\/schema.org\/","@type":"BreadcrumbList","itemListElement":[{"@type":"ListItem","position":1,"name":"Kdo v\u00e1m d\u011bl\u00e1 \u00fa\u010detnictv\u00ed","item":"https:\/\/www.benago.cz\/kdo-vam-dela-ucetnictvi\/#breadcrumbitem"}]}]