[{"@context":"https:\/\/schema.org\/","@type":"Article","@id":"https:\/\/www.benago.cz\/zeny-a-vanocni-uklid\/#Article","mainEntityOfPage":"https:\/\/www.benago.cz\/zeny-a-vanocni-uklid\/","headline":"\u017deny a v\u00e1no\u010dn\u00ed \u00faklid","name":"\u017deny a v\u00e1no\u010dn\u00ed \u00faklid","description":"\u0158\u00edk\u00e1 se \u201ev\u00e1noce jsou sv\u00e1tky klidu\u201c. V n\u011bkter\u00fdch dom\u00e1cnostech klid nast\u00e1v\u00e1 a\u017e skute\u010dn\u011b za\u010d\u00e1tkem t\u011bchto sv\u00e1tk\u016f. Adventn\u00ed obdob\u00ed je toti\u017e pro v\u011bt\u0161inu dom\u00e1cnost\u00ed za\u010d\u00e1tkem jak\u00e9hosi ritu\u00e1lu, kdy za\u010dne prob\u00edhat gener\u00e1ln\u00ed &hellip;","datePublished":"2023-05-06","dateModified":"2023-05-06","author":{"@type":"Person","@id":"https:\/\/www.benago.cz\/author\/#Person","name":"","url":"https:\/\/www.benago.cz\/author\/","identifier":1,"image":{"@type":"ImageObject","@id":"https:\/\/secure.gravatar.com\/avatar\/664d9cd24f58d4d0b526991e1fec4656a216f6db124bbd66c69ade0e846d4f16?s=96&d=mm&r=g","url":"https:\/\/secure.gravatar.com\/avatar\/664d9cd24f58d4d0b526991e1fec4656a216f6db124bbd66c69ade0e846d4f16?s=96&d=mm&r=g","height":96,"width":96}},"publisher":{"@type":"Organization","name":"benago.cz","logo":{"@type":"ImageObject","@id":"\/logo.png","url":"\/logo.png","width":600,"height":60}},"image":{"@type":"ImageObject","@id":"https:\/\/www.benago.cz\/wp-content\/uploads\/img_a328787_w2607_t1540923296.jpg","url":"https:\/\/www.benago.cz\/wp-content\/uploads\/img_a328787_w2607_t1540923296.jpg","height":0,"width":0},"url":"https:\/\/www.benago.cz\/zeny-a-vanocni-uklid\/","about":["\u017deny\r"],"wordCount":454,"articleBody":"\u0158\u00edk\u00e1 se \u201ev\u00e1noce jsou sv\u00e1tky klidu\u201c. V n\u011bkter\u00fdch dom\u00e1cnostech klid nast\u00e1v\u00e1 a\u017e skute\u010dn\u011b za\u010d\u00e1tkem t\u011bchto sv\u00e1tk\u016f. Adventn\u00ed obdob\u00ed je toti\u017e pro v\u011bt\u0161inu dom\u00e1cnost\u00ed za\u010d\u00e1tkem jak\u00e9hosi ritu\u00e1lu, kdy za\u010dne prob\u00edhat gener\u00e1ln\u00ed \u00faklid. Ka\u017ed\u00e1 hospody\u0148ka chce b\u00fdt zkr\u00e1tka na v\u00e1noce p\u0159ipraven\u00e1 a v\u011bt\u0161inou od prosince, u n\u011bkoho i d\u0159\u00edve, se za\u010dne gruntovat. A pr\u00e1v\u011b v t\u00e9to chv\u00edli mu\u017ei rad\u011bji najdou spoustu v\u00fdmluv, aby mohli opustit dom\u00e1cnost. Hod\u00ed se jim ka\u017ed\u00e1 v\u00fdmluva, aby mohli opustit ten chaos.&#13; &#13; Je pot\u0159eba ale \u00faklid tolik p\u0159eh\u00e1n\u011bt? Je opravdu nutn\u00e9 vysm\u00fd\u010dit dom\u00e1cnost do posledn\u00edho koutku? \u017deny jsou potom p\u0159epracovan\u00e9 a hroz\u00ed, \u017ee by mohli m\u00edt zka\u017een\u00e9 sv\u00e1tky. A proto je nutn\u00e9 to nep\u0159eh\u00e1n\u011bt. Pokud ukl\u00edz\u00edme pravideln\u011b cel\u00fd rok, nen\u00ed p\u0159eci pot\u0159eba tolik ukl\u00edzet. Odborn\u00edci rad\u00ed, \u017ee je d\u016fle\u017eit\u00e9 si stanovit priority a t\u011bch se pak dr\u017eet. Tak se pokusme proj\u00edt byt a sepsat si, co je opravdu pot\u0159eba. Um\u00fdt okna, vyprat z\u00e1clony, uklidit a um\u00fdt sk\u0159\u00edn\u011b a \u0161upl\u00edky, nale\u0161tit ve\u0161ker\u00e9 povrchy a n\u00e1bytek, ut\u0159\u00edt prach, vym\u011bnit lo\u017en\u00ed povle\u010den\u00ed, vyprat a vy\u010distit koberce a seda\u010dku. Kuchy\u0148 je lep\u0161\u00ed nechat a\u017e nakonec, pokud pe\u010deme v\u00e1no\u010dn\u00ed cukrov\u00ed, je\u0161t\u011b by se mohla za\u0161pinit. Ukl\u00edzen\u00ed je opravdu hodn\u011b, nem\u011bli bychom si t\u00edm tento \u010das nechat zkazit. Pokud se do \u00faklidu nezapoj\u00ed ostatn\u00ed \u010dlenov\u00e9 rodiny, rozhodn\u011b to nep\u0159eh\u00e1n\u011bjte. Nakonec vyle\u0161t\u00edme ve\u0161ker\u00e9 sklo a dekorace a m\u016f\u017ee se zdobit, okna, st\u016fl, v\u0161e, na co jsme zvykl\u00ed.&#13; &#13; O sv\u00e1tc\u00edch m\u00e1 panovat klidn\u00e1 a uvoln\u011bn\u00e1 atmosf\u00e9ra, je pot\u0159eba je u\u017e\u00edvat a ne se nervovat, co jsme nestihli. To asi ocen\u00ed cel\u00e1 rodina. A mu\u017ei, ti ocen\u00ed uklizenou dom\u00e1cnost zcela ur\u010dit\u011b, ale mnohem v\u00edce man\u017eelku nebo partnerku, kter\u00e1 je usm\u011bvav\u00e1 a odpo\u010dinut\u00e1.&#13; Tak co zkusit tento rok n\u011bjakou \u010dinnost vynechat a m\u00edsto toho vyrazit na adventn\u00ed trhy? Nezapomenuteln\u00e1 je atmosf\u00e9ra p\u0159i ve\u010dern\u00ed proch\u00e1zce, kdy se d\u00edv\u00e1me do vyzdoben\u00fdch oken a zahrad ostatn\u00edch a pop\u00edj\u00edme klasick\u00fd sva\u0159\u00e1k. A pokud si v\u00e1no\u010dn\u00edm \u00faklidem nechceme kazit zimn\u00ed atmosf\u00e9ru, na trhu je spoustu firem, kter\u00e9 se pr\u00e1v\u011b na gener\u00e1ln\u00ed \u00faklidy p\u0159ed V\u00e1nocemi specializuj\u00ed.&#13;                                                                                                                                                                                                                                                                                                                                                                                         3.8\/5 - (9 votes)        "},{"@context":"https:\/\/schema.org\/","@type":"BreadcrumbList","itemListElement":[{"@type":"ListItem","position":1,"name":"\u017deny a v\u00e1no\u010dn\u00ed \u00faklid","item":"https:\/\/www.benago.cz\/zeny-a-vanocni-uklid\/#breadcrumbitem"}]}]